{"id":350,"date":"2025-03-28T12:32:00","date_gmt":"2025-03-28T11:32:00","guid":{"rendered":"https:\/\/wlvpitten.at\/wlvpitten\/?p=350"},"modified":"2025-07-28T12:34:00","modified_gmt":"2025-07-28T11:34:00","slug":"wiederwahl-obmann-und-obman-stellvertretrer-und-silberne-ehrennadel-fuer-mag-johann-lindner","status":"publish","type":"post","link":"https:\/\/www.wlvpitten.at\/wlvpitten\/?p=350","title":{"rendered":"Wiederwahl Obmann und Obman Stellvertretrer\u00a0und silberne Ehrennadel f\u00fcr Mag. Johann Lindner"},"content":{"rendered":"\n<p><\/p>\n\n\n\n<p>Am Dienstag, dem 25. M\u00e4rz 2025, fand im Sitzungssaal des Verbandsgeb\u00e4udes des Wasserleitungsverbandes Unteres Pitten- und Schwarzatal&nbsp; die 146. konstituierende Sitzung, die Verbandsversammlung , statt.<\/p>\n\n\n\n<p>Auf der Tagesordnung standen die Bestellung des neuen Obmanns und des Obmann-Stellvertreters, sowie des Vorstandes und des Pr\u00fcfungsausschusses. &nbsp;In diesem Zusammenhang wurden B\u00fcrgermeister G\u00fcnther Stellwag und B\u00fcrgermeister Helmut Berger wiedergew\u00e4hlt. Sie wurden sowohl als Obmann, als auch als Obmann-Stellvertreter erneut in ihrer Funktion best\u00e4tigt.<\/p>\n\n\n\n<p>Zudem erhielt B\u00fcrgermeister a.D.,&nbsp; Mag. Johann Lindner, &nbsp;die silberne Ehrennadel f\u00fcr seine 13-j\u00e4hrige T\u00e4tigkeit als Vorstandsmitglied im Zeitraum von 2011 bis 2024. Diese Sitzung war f\u00fcr unseren Verband von Bedeutung, da hier einerseits wichtige Funktionstr\u00e4ger wiederbestellt und langj\u00e4hrige Verdienste innerhalb des Verbandes gew\u00fcrdigt wurden.<\/p>\n\n\n\n<p>Wir bedanken uns bei allen Anwesenden f\u00fcr ihre Teilnahme und w\u00fcnschen Herrn Mag. Johann Lindner f\u00fcr den kommenden Lebensabschnitt allers erdenklich Gute, vor allem aber Gesundheit.<\/p>\n\n\n\n<figure class=\"wp-block-image size-full\"><img loading=\"lazy\" decoding=\"async\" width=\"496\" height=\"661\" src=\"https:\/\/wlvpitten.at\/wlvpitten\/wp-content\/uploads\/2025\/07\/image.png\" alt=\"\" class=\"wp-image-351\" srcset=\"https:\/\/www.wlvpitten.at\/wlvpitten\/wp-content\/uploads\/2025\/07\/image.png 496w, https:\/\/www.wlvpitten.at\/wlvpitten\/wp-content\/uploads\/2025\/07\/image-225x300.png 225w\" sizes=\"auto, (max-width: 496px) 100vw, 496px\" \/><\/figure>\n","protected":false},"excerpt":{"rendered":"<p>Am Dienstag, dem 25. M\u00e4rz 2025, fand im Sitzungssaal des Verbandsgeb\u00e4udes des Wasserleitungsverbandes Unteres Pitten- und Schwarzatal&nbsp; die 146. konstituierende Sitzung, die Verbandsversammlung , statt. Auf der Tagesordnung standen die Bestellung des neuen Obmanns und des Obmann-Stellvertreters, sowie des Vorstandes und des Pr\u00fcfungsausschusses. &nbsp;In diesem Zusammenhang wurden B\u00fcrgermeister G\u00fcnther Stellwag und B\u00fcrgermeister Helmut Berger wiedergew\u00e4hlt. [&hellip;]<\/p>\n","protected":false},"author":2,"featured_media":0,"comment_status":"closed","ping_status":"closed","sticky":false,"template":"","format":"standard","meta":{"footnotes":""},"categories":[5],"tags":[],"class_list":["post-350","post","type-post","status-publish","format-standard","hentry","category-aktuelles"],"_links":{"self":[{"href":"https:\/\/www.wlvpitten.at\/wlvpitten\/index.php?rest_route=\/wp\/v2\/posts\/350","targetHints":{"allow":["GET"]}}],"collection":[{"href":"https:\/\/www.wlvpitten.at\/wlvpitten\/index.php?rest_route=\/wp\/v2\/posts"}],"about":[{"href":"https:\/\/www.wlvpitten.at\/wlvpitten\/index.php?rest_route=\/wp\/v2\/types\/post"}],"author":[{"embeddable":true,"href":"https:\/\/www.wlvpitten.at\/wlvpitten\/index.php?rest_route=\/wp\/v2\/users\/2"}],"replies":[{"embeddable":true,"href":"https:\/\/www.wlvpitten.at\/wlvpitten\/index.php?rest_route=%2Fwp%2Fv2%2Fcomments&post=350"}],"version-history":[{"count":1,"href":"https:\/\/www.wlvpitten.at\/wlvpitten\/index.php?rest_route=\/wp\/v2\/posts\/350\/revisions"}],"predecessor-version":[{"id":352,"href":"https:\/\/www.wlvpitten.at\/wlvpitten\/index.php?rest_route=\/wp\/v2\/posts\/350\/revisions\/352"}],"wp:attachment":[{"href":"https:\/\/www.wlvpitten.at\/wlvpitten\/index.php?rest_route=%2Fwp%2Fv2%2Fmedia&parent=350"}],"wp:term":[{"taxonomy":"category","embeddable":true,"href":"https:\/\/www.wlvpitten.at\/wlvpitten\/index.php?rest_route=%2Fwp%2Fv2%2Fcategories&post=350"},{"taxonomy":"post_tag","embeddable":true,"href":"https:\/\/www.wlvpitten.at\/wlvpitten\/index.php?rest_route=%2Fwp%2Fv2%2Ftags&post=350"}],"curies":[{"name":"wp","href":"https:\/\/api.w.org\/{rel}","templated":true}]}}