{"id":195,"date":"2022-11-10T06:57:04","date_gmt":"2022-11-10T05:57:04","guid":{"rendered":"http:\/\/wlvpitten.at\/wlvpitten\/?p=195"},"modified":"2022-11-10T06:57:04","modified_gmt":"2022-11-10T05:57:04","slug":"oeffentliche-einsicht-in-den-voranschlag-2023","status":"publish","type":"post","link":"https:\/\/www.wlvpitten.at\/wlvpitten\/?p=195","title":{"rendered":"\u00d6ffentliche Einsicht in den Voranschlag 2023"},"content":{"rendered":"\n<h5 class=\"wp-block-heading\">K U N D M A C H U N G<\/h5>\n\n\n\n<p>Gem\u00e4\u00df \u00a7 12 des N\u00d6 GWL-Verbandsgesetzes, LGBl. Nr. 1650-1, Ausgabe 8\/2022 vom 25.01.2022, wird hiermit bekannt gegeben, dass der <strong>VORANSCHLAG 2023<\/strong> des Gemeindewasserleitungsverbandes \u201eUnteres Pitten- u. Schwarzatal\u201c in Pitten durch zwei Wochen, d.i. vom <strong>10. November 2022<\/strong> bis einschlie\u00dflich <strong>25. November 2022<\/strong> w\u00e4hrend der Amtsstunden von 7:30 bis 11:30 Uhr zur \u00f6ffentlichen Einsicht aufliegt. Erinnerungen oder Bem\u00e4ngelungen sind w\u00e4hrend dieser Zeit schriftlich oder per Fax in der Verbandskanzlei einzureichen.<\/p>\n\n\n\n<p><\/p>\n\n\n\n<p><\/p>\n\n\n\n<div data-wp-interactive=\"core\/file\" class=\"wp-block-file\"><object data-wp-bind--hidden=\"!state.hasPdfPreview\" hidden class=\"wp-block-file__embed\" data=\"https:\/\/wlvpitten.at\/wlvpitten\/wp-content\/uploads\/2022\/11\/VA2023.pdf\" type=\"application\/pdf\" style=\"width:100%;height:600px\" aria-label=\"Einbettung von Einbettung von VA2023..\"><\/object><a id=\"wp-block-file--media-6325dc86-0f0f-4cd0-9ea7-71ab3643eba8\" href=\"https:\/\/wlvpitten.at\/wlvpitten\/wp-content\/uploads\/2022\/11\/VA2023.pdf\">VA2023<\/a><a href=\"https:\/\/wlvpitten.at\/wlvpitten\/wp-content\/uploads\/2022\/11\/VA2023.pdf\" class=\"wp-block-file__button\" download aria-describedby=\"wp-block-file--media-6325dc86-0f0f-4cd0-9ea7-71ab3643eba8\">Herunterladen<\/a><\/div>\n","protected":false},"excerpt":{"rendered":"<p>K U N D M A C H U N G Gem\u00e4\u00df \u00a7 12 des N\u00d6 GWL-Verbandsgesetzes, LGBl. Nr. 1650-1, Ausgabe 8\/2022 vom 25.01.2022, wird hiermit bekannt gegeben, dass der VORANSCHLAG 2023 des Gemeindewasserleitungsverbandes \u201eUnteres Pitten- u. Schwarzatal\u201c in Pitten durch zwei Wochen, d.i. vom 10. November 2022 bis einschlie\u00dflich 25. November 2022 w\u00e4hrend der [&hellip;]<\/p>\n","protected":false},"author":2,"featured_media":0,"comment_status":"closed","ping_status":"closed","sticky":false,"template":"","format":"standard","meta":{"footnotes":""},"categories":[5],"tags":[],"class_list":["post-195","post","type-post","status-publish","format-standard","hentry","category-aktuelles"],"_links":{"self":[{"href":"https:\/\/www.wlvpitten.at\/wlvpitten\/index.php?rest_route=\/wp\/v2\/posts\/195","targetHints":{"allow":["GET"]}}],"collection":[{"href":"https:\/\/www.wlvpitten.at\/wlvpitten\/index.php?rest_route=\/wp\/v2\/posts"}],"about":[{"href":"https:\/\/www.wlvpitten.at\/wlvpitten\/index.php?rest_route=\/wp\/v2\/types\/post"}],"author":[{"embeddable":true,"href":"https:\/\/www.wlvpitten.at\/wlvpitten\/index.php?rest_route=\/wp\/v2\/users\/2"}],"replies":[{"embeddable":true,"href":"https:\/\/www.wlvpitten.at\/wlvpitten\/index.php?rest_route=%2Fwp%2Fv2%2Fcomments&post=195"}],"version-history":[{"count":2,"href":"https:\/\/www.wlvpitten.at\/wlvpitten\/index.php?rest_route=\/wp\/v2\/posts\/195\/revisions"}],"predecessor-version":[{"id":198,"href":"https:\/\/www.wlvpitten.at\/wlvpitten\/index.php?rest_route=\/wp\/v2\/posts\/195\/revisions\/198"}],"wp:attachment":[{"href":"https:\/\/www.wlvpitten.at\/wlvpitten\/index.php?rest_route=%2Fwp%2Fv2%2Fmedia&parent=195"}],"wp:term":[{"taxonomy":"category","embeddable":true,"href":"https:\/\/www.wlvpitten.at\/wlvpitten\/index.php?rest_route=%2Fwp%2Fv2%2Fcategories&post=195"},{"taxonomy":"post_tag","embeddable":true,"href":"https:\/\/www.wlvpitten.at\/wlvpitten\/index.php?rest_route=%2Fwp%2Fv2%2Ftags&post=195"}],"curies":[{"name":"wp","href":"https:\/\/api.w.org\/{rel}","templated":true}]}}